{"id":11599,"date":"2025-02-15T11:49:30","date_gmt":"2025-02-15T11:49:30","guid":{"rendered":"https:\/\/118studio.es\/?p=11599"},"modified":"2025-05-28T07:03:43","modified_gmt":"2025-05-28T07:03:43","slug":"stand-ise-barcelona-activa-2025","status":"publish","type":"post","link":"https:\/\/118studio.es\/en\/stand-ise-barcelona-activa-2025\/","title":{"rendered":"ISE BOOTH ACTIVE BARCELONA 2025"},"content":{"rendered":"<div data-elementor-type=\"wp-post\" data-elementor-id=\"11599\" class=\"elementor elementor-11599\" data-elementor-post-type=\"post\">\n\t\t\t\t<div class=\"elementor-element elementor-element-dd25bc2 e-con-full e-flex e-con e-parent\" data-id=\"dd25bc2\" data-element_type=\"container\">\n\t\t<div class=\"elementor-element elementor-element-6f835d4 e-con-full e-flex e-con e-child\" data-id=\"6f835d4\" data-element_type=\"container\">\n\t\t\t\t<div class=\"elementor-element elementor-element-0d1e0b7 elementor-widget__width-inherit elementor-widget elementor-widget-image\" data-id=\"0d1e0b7\" data-element_type=\"widget\" data-widget_type=\"image.default\">\n\t\t\t\t<div class=\"elementor-widget-container\">\n\t\t\t\t\t\t\t\t\t\t\t\t\t\t\t<img fetchpriority=\"high\" decoding=\"async\" width=\"1024\" height=\"683\" src=\"https:\/\/118studio.es\/wp-content\/uploads\/2025\/02\/118S_ISE_34-1024x683.jpg\" class=\"attachment-large size-large wp-image-11612\" alt=\"\" srcset=\"https:\/\/118studio.es\/wp-content\/uploads\/2025\/02\/118S_ISE_34-1024x683.jpg 1024w, https:\/\/118studio.es\/wp-content\/uploads\/2025\/02\/118S_ISE_34-300x200.jpg 300w, https:\/\/118studio.es\/wp-content\/uploads\/2025\/02\/118S_ISE_34-768x512.jpg 768w, https:\/\/118studio.es\/wp-content\/uploads\/2025\/02\/118S_ISE_34-1536x1024.jpg 1536w, https:\/\/118studio.es\/wp-content\/uploads\/2025\/02\/118S_ISE_34-2048x1365.jpg 2048w, https:\/\/118studio.es\/wp-content\/uploads\/2025\/02\/118S_ISE_34-18x12.jpg 18w\" sizes=\"(max-width: 1024px) 100vw, 1024px\" \/>\t\t\t\t\t\t\t\t\t\t\t\t\t\t\t<\/div>\n\t\t\t\t<\/div>\n\t\t\t\t<\/div>\n\t\t\t\t<div class=\"elementor-element elementor-element-e8236f1 elementor-widget elementor-widget-spacer\" data-id=\"e8236f1\" data-element_type=\"widget\" data-widget_type=\"spacer.default\">\n\t\t\t\t<div class=\"elementor-widget-container\">\n\t\t\t\t\t\t\t<div class=\"elementor-spacer\">\n\t\t\t<div class=\"elementor-spacer-inner\"><\/div>\n\t\t<\/div>\n\t\t\t\t\t\t<\/div>\n\t\t\t\t<\/div>\n\t\t<div class=\"elementor-element elementor-element-3a7df3b e-con-full e-flex e-con e-child\" data-id=\"3a7df3b\" data-element_type=\"container\">\n\t\t\t\t<div class=\"elementor-element elementor-element-e55ec46 elementor-widget elementor-widget-text-editor\" data-id=\"e55ec46\" data-element_type=\"widget\" data-widget_type=\"text-editor.default\">\n\t\t\t\t<div class=\"elementor-widget-container\">\n\t\t\t\t\t\t\t\t\t<p>BCN ACTIVA<\/p><p>\u00a0 \u00a0 \u00a0 \u00a0 \u00a0 STAND ISE 2025<br \/><br \/><\/p>\t\t\t\t\t\t\t\t<\/div>\n\t\t\t\t<\/div>\n\t\t\t\t<\/div>\n\t\t\t\t<\/div>\n\t\t<div class=\"elementor-element elementor-element-e8fbbb6 e-flex e-con-boxed e-con e-parent\" data-id=\"e8fbbb6\" data-element_type=\"container\">\n\t\t\t\t\t<div class=\"e-con-inner\">\n\t\t<div class=\"elementor-element elementor-element-83b22e6 e-flex e-con-boxed e-con e-child\" data-id=\"83b22e6\" data-element_type=\"container\">\n\t\t\t\t\t<div class=\"e-con-inner\">\n\t\t<div class=\"elementor-element elementor-element-5e910c6 e-con-full e-flex e-con e-child\" data-id=\"5e910c6\" data-element_type=\"container\">\n\t\t\t\t<div class=\"elementor-element elementor-element-66996f7 elementor-widget__width-initial elementor-widget elementor-widget-text-editor\" data-id=\"66996f7\" data-element_type=\"widget\" data-widget_type=\"text-editor.default\">\n\t\t\t\t<div class=\"elementor-widget-container\">\n\t\t\t\t\t\t\t\t\t<div>\u00a0<\/div><p>February, 2025<\/p><p>\"Barcelona, where creativity flourishes\".<br \/><br \/>Barcelona's participation in ISE 2025 not only reaffirms its commitment to the technological field, but also consolidates its role as a strategic hub in the global economy. It has been able to combine its cultural richness with an innovative context that favors the expansion of emerging and multinational companies.<br \/><br \/>For us, this project has been an opportunity to reflect the values of the city and contribute to its positioning as a leader in the audiovisual and technological field.<\/p>\t\t\t\t\t\t\t\t<\/div>\n\t\t\t\t<\/div>\n\t\t\t\t<\/div>\n\t\t<div class=\"elementor-element elementor-element-eb0b9da e-con-full elementor-hidden-tablet e-flex e-con e-child\" data-id=\"eb0b9da\" data-element_type=\"container\">\n\t\t\t\t<div class=\"elementor-element elementor-element-b11dce7 elementor-widget elementor-widget-image\" data-id=\"b11dce7\" data-element_type=\"widget\" data-widget_type=\"image.default\">\n\t\t\t\t<div class=\"elementor-widget-container\">\n\t\t\t\t\t\t\t\t\t\t\t\t\t\t\t<img decoding=\"async\" width=\"740\" height=\"490\" src=\"https:\/\/118studio.es\/wp-content\/uploads\/2025\/02\/118S_ISE_1-740x490.jpg\" class=\"attachment-codeless_testt size-codeless_testt wp-image-11613\" alt=\"\" srcset=\"https:\/\/118studio.es\/wp-content\/uploads\/2025\/02\/118S_ISE_1-740x490.jpg 740w, https:\/\/118studio.es\/wp-content\/uploads\/2025\/02\/118S_ISE_1-300x200.jpg 300w, https:\/\/118studio.es\/wp-content\/uploads\/2025\/02\/118S_ISE_1-18x12.jpg 18w\" sizes=\"(max-width: 740px) 100vw, 740px\" \/>\t\t\t\t\t\t\t\t\t\t\t\t\t\t\t<\/div>\n\t\t\t\t<\/div>\n\t\t\t\t<\/div>\n\t\t\t\t\t<\/div>\n\t\t\t\t<\/div>\n\t\t\t\t\t<\/div>\n\t\t\t\t<\/div>\n\t\t<div class=\"elementor-element elementor-element-d0c32ec elementor-hidden-widescreen elementor-hidden-desktop elementor-hidden-mobile e-flex e-con-boxed e-con e-parent\" data-id=\"d0c32ec\" data-element_type=\"container\">\n\t\t\t\t\t<div class=\"e-con-inner\">\n\t\t\t\t<div class=\"elementor-element elementor-element-edbf3fa elementor-widget elementor-widget-image\" data-id=\"edbf3fa\" data-element_type=\"widget\" data-widget_type=\"image.default\">\n\t\t\t\t<div class=\"elementor-widget-container\">\n\t\t\t\t\t\t\t\t\t\t\t\t\t\t\t<img decoding=\"async\" src=\"https:\/\/118studio.es\/wp-content\/uploads\/2024\/04\/TEXTO_BCN-ACTIVA-PATIS-42.png\" title=\"\" alt=\"\" loading=\"lazy\" \/>\t\t\t\t\t\t\t\t\t\t\t\t\t\t\t<\/div>\n\t\t\t\t<\/div>\n\t\t\t\t\t<\/div>\n\t\t\t\t<\/div>\n\t\t<div class=\"elementor-element elementor-element-8f24921 e-flex e-con-boxed e-con e-parent\" data-id=\"8f24921\" data-element_type=\"container\">\n\t\t\t\t\t<div class=\"e-con-inner\">\n\t\t\t\t<div class=\"elementor-element elementor-element-48e6123 elementor-widget elementor-widget-spacer\" data-id=\"48e6123\" data-element_type=\"widget\" data-widget_type=\"spacer.default\">\n\t\t\t\t<div class=\"elementor-widget-container\">\n\t\t\t\t\t\t\t<div class=\"elementor-spacer\">\n\t\t\t<div class=\"elementor-spacer-inner\"><\/div>\n\t\t<\/div>\n\t\t\t\t\t\t<\/div>\n\t\t\t\t<\/div>\n\t\t\t\t\t<\/div>\n\t\t\t\t<\/div>\n\t\t<div class=\"elementor-element elementor-element-badcfd6 e-con-full e-flex e-con e-parent\" data-id=\"badcfd6\" data-element_type=\"container\">\n\t\t\t\t<div class=\"elementor-element elementor-element-8bb32eb elementor-widget elementor-widget-ucaddon_uc_tiles_columns_image\" data-id=\"8bb32eb\" data-element_type=\"widget\" data-widget_type=\"ucaddon_uc_tiles_columns_image.default\">\n\t\t\t\t<div class=\"elementor-widget-container\">\n\t\t\t\t\t\n<!-- start Masonry Gallery -->\n\t\t<link id='unitegallery-css' href='https:\/\/118studio.es\/wp-content\/plugins\/unlimited-elements-for-elementor-premium\/assets_libraries\/unitegallery\/css\/unite-gallery.css' type='text\/css' rel='stylesheet' >\n\t\t<link id='uc_ac_assets_file_uc_columns_unite_gallery_css_37416-css' href='https:\/\/118studio.es\/wp-content\/uploads\/ac_assets\/uc_tiles_columns_image\/uc-columns-unite-gallery.css' type='text\/css' rel='stylesheet' >\n\n<style>\/* widget: Masonry Gallery *\/\n\n\n#wrapperuc_uc_tiles_columns_image_elementor_8bb32eb\n{\n  min-height:1px;\n}\n\n<\/style>\n\n<div id=\"wrapperuc_uc_tiles_columns_image_elementor_8bb32eb\">\n<div id=\"uc_uc_tiles_columns_image_elementor_8bb32eb\" style=\"display:none;\" class=\"uc-items-wrapper\" data-custom-sethtml=\"true\" >\n\n\n<img decoding=\"async\" alt=\"118S_ISE_11\"\n   src=\"https:\/\/118studio.es\/wp-content\/uploads\/2025\/02\/118S_ISE_11-scaled.jpg\"\n    data-image=\"https:\/\/118studio.es\/wp-content\/uploads\/2025\/02\/118S_ISE_11-scaled.jpg\"\n    data-title=\"118S_ISE_11\">\n\n<img decoding=\"async\" alt=\"118S_ISE_9\"\n   src=\"https:\/\/118studio.es\/wp-content\/uploads\/2025\/02\/118S_ISE_9-scaled.jpg\"\n    data-image=\"https:\/\/118studio.es\/wp-content\/uploads\/2025\/02\/118S_ISE_9-scaled.jpg\"\n    data-title=\"118S_ISE_9\">\n\n<img decoding=\"async\" alt=\"118S_ISE_3\"\n   src=\"https:\/\/118studio.es\/wp-content\/uploads\/2025\/02\/118S_ISE_3-scaled.jpg\"\n    data-image=\"https:\/\/118studio.es\/wp-content\/uploads\/2025\/02\/118S_ISE_3-scaled.jpg\"\n    data-title=\"118S_ISE_3\">\n\n<img decoding=\"async\" alt=\"118S_ISE_33\"\n   src=\"https:\/\/118studio.es\/wp-content\/uploads\/2025\/02\/118S_ISE_33-scaled.jpg\"\n    data-image=\"https:\/\/118studio.es\/wp-content\/uploads\/2025\/02\/118S_ISE_33-scaled.jpg\"\n    data-title=\"118S_ISE_33\">\n\n<img decoding=\"async\" alt=\"118S_ISE_27\"\n   src=\"https:\/\/118studio.es\/wp-content\/uploads\/2025\/02\/118S_ISE_27-scaled.jpg\"\n    data-image=\"https:\/\/118studio.es\/wp-content\/uploads\/2025\/02\/118S_ISE_27-scaled.jpg\"\n    data-title=\"118S_ISE_27\">\n\n<img decoding=\"async\" alt=\"118S_ISE_15\"\n   src=\"https:\/\/118studio.es\/wp-content\/uploads\/2025\/02\/118S_ISE_15-scaled.jpg\"\n    data-image=\"https:\/\/118studio.es\/wp-content\/uploads\/2025\/02\/118S_ISE_15-scaled.jpg\"\n    data-title=\"118S_ISE_15\">\n\n<img decoding=\"async\" alt=\"118S_ISE_18\"\n   src=\"https:\/\/118studio.es\/wp-content\/uploads\/2025\/02\/118S_ISE_18-scaled.jpg\"\n    data-image=\"https:\/\/118studio.es\/wp-content\/uploads\/2025\/02\/118S_ISE_18-scaled.jpg\"\n    data-title=\"118S_ISE_18\">\n\n<img decoding=\"async\" alt=\"118S_ISE_20\"\n   src=\"https:\/\/118studio.es\/wp-content\/uploads\/2025\/02\/118S_ISE_20-scaled.jpg\"\n    data-image=\"https:\/\/118studio.es\/wp-content\/uploads\/2025\/02\/118S_ISE_20-scaled.jpg\"\n    data-title=\"118S_ISE_20\">\n\n<img decoding=\"async\" alt=\"118S_ISE_23\"\n   src=\"https:\/\/118studio.es\/wp-content\/uploads\/2025\/02\/118S_ISE_23-scaled.jpg\"\n    data-image=\"https:\/\/118studio.es\/wp-content\/uploads\/2025\/02\/118S_ISE_23-scaled.jpg\"\n    data-title=\"118S_ISE_23\">\n\n<img decoding=\"async\" alt=\"118S_ISE_16\"\n   src=\"https:\/\/118studio.es\/wp-content\/uploads\/2025\/02\/118S_ISE_16-scaled.jpg\"\n    data-image=\"https:\/\/118studio.es\/wp-content\/uploads\/2025\/02\/118S_ISE_16-scaled.jpg\"\n    data-title=\"118S_ISE_16\">\n\n<img decoding=\"async\" alt=\"118S_ISE_29\"\n   src=\"https:\/\/118studio.es\/wp-content\/uploads\/2025\/02\/118S_ISE_29-scaled.jpg\"\n    data-image=\"https:\/\/118studio.es\/wp-content\/uploads\/2025\/02\/118S_ISE_29-scaled.jpg\"\n    data-title=\"118S_ISE_29\">\n\n<img decoding=\"async\" alt=\"118S_ISE_32\"\n   src=\"https:\/\/118studio.es\/wp-content\/uploads\/2025\/02\/118S_ISE_32-scaled.jpg\"\n    data-image=\"https:\/\/118studio.es\/wp-content\/uploads\/2025\/02\/118S_ISE_32-scaled.jpg\"\n    data-title=\"118S_ISE_32\">\n\n<img decoding=\"async\" alt=\"118S_ISE_31\"\n   src=\"https:\/\/118studio.es\/wp-content\/uploads\/2025\/02\/118S_ISE_31-scaled.jpg\"\n    data-image=\"https:\/\/118studio.es\/wp-content\/uploads\/2025\/02\/118S_ISE_31-scaled.jpg\"\n    data-title=\"118S_ISE_31\">\n\n<img decoding=\"async\" alt=\"118S_ISE_8\"\n   src=\"https:\/\/118studio.es\/wp-content\/uploads\/2025\/02\/118S_ISE_8-scaled.jpg\"\n    data-image=\"https:\/\/118studio.es\/wp-content\/uploads\/2025\/02\/118S_ISE_8-scaled.jpg\"\n    data-title=\"118S_ISE_8\">\n\n<img decoding=\"async\" alt=\"118S_ISE_26\"\n   src=\"https:\/\/118studio.es\/wp-content\/uploads\/2025\/02\/118S_ISE_26-scaled.jpg\"\n    data-image=\"https:\/\/118studio.es\/wp-content\/uploads\/2025\/02\/118S_ISE_26-scaled.jpg\"\n    data-title=\"118S_ISE_26\">\n\n<img decoding=\"async\" alt=\"118S_ISE_19\"\n   src=\"https:\/\/118studio.es\/wp-content\/uploads\/2025\/02\/118S_ISE_19-scaled.jpg\"\n    data-image=\"https:\/\/118studio.es\/wp-content\/uploads\/2025\/02\/118S_ISE_19-scaled.jpg\"\n    data-title=\"118S_ISE_19\">\n\n  \n<\/div>\n<\/div>\n<!-- end Masonry Gallery -->\t\t\t\t<\/div>\n\t\t\t\t<\/div>\n\t\t\t\t<\/div>\n\t\t\t\t<\/div>","protected":false},"excerpt":{"rendered":"<p>BCN ACTIVA STAND ISE 2025 February, 2025 \"Barcelona, where creativity flourishes\" Barcelona's participation in ISE 2025 not only reaffirms its commitment to the technological field, but also consolidates its role as a leading [...]<\/p>","protected":false},"author":3,"featured_media":11612,"comment_status":"closed","ping_status":"closed","sticky":false,"template":"","format":"standard","meta":{"footnotes":""},"categories":[73],"tags":[],"class_list":["post-11599","post","type-post","status-publish","format-standard","has-post-thumbnail","hentry","category-stands"],"yoast_head":"<!-- This site is optimized with the Yoast SEO plugin v24.7 - https:\/\/yoast.com\/wordpress\/plugins\/seo\/ -->\n<title>STAND ISE BARCELONA ACTIVA 2025 - 118 Studio<\/title>\n<meta name=\"robots\" content=\"index, follow, max-snippet:-1, max-image-preview:large, max-video-preview:-1\" \/>\n<link rel=\"canonical\" href=\"https:\/\/118studio.es\/en\/stand-ise-barcelona-activa-2025\/\" \/>\n<meta property=\"og:locale\" content=\"en_US\" \/>\n<meta property=\"og:type\" content=\"article\" \/>\n<meta property=\"og:title\" content=\"STAND ISE BARCELONA ACTIVA 2025 - 118 Studio\" \/>\n<meta property=\"og:description\" content=\"BCN ACTIVA \u00a0 \u00a0 \u00a0 \u00a0 \u00a0 STAND ISE 2025 \u00a0 Febrero, 2025 \u201cBarcelona, where creativity flourishes\u201d La participaci\u00f3n de Barcelona en ISE 2025 no solo reafirma su compromiso con el campo tecnol\u00f3gico, sino que tambi\u00e9n consolida su papel como [&hellip;]\" \/>\n<meta property=\"og:url\" content=\"https:\/\/118studio.es\/en\/stand-ise-barcelona-activa-2025\/\" \/>\n<meta property=\"og:site_name\" content=\"118 Studio\" \/>\n<meta property=\"article:published_time\" content=\"2025-02-15T11:49:30+00:00\" \/>\n<meta property=\"article:modified_time\" content=\"2025-05-28T07:03:43+00:00\" \/>\n<meta property=\"og:image\" content=\"https:\/\/118studio.es\/wp-content\/uploads\/2025\/02\/118S_ISE_34-1024x683.jpg\" \/>\n\t<meta property=\"og:image:width\" content=\"1024\" \/>\n\t<meta property=\"og:image:height\" content=\"683\" \/>\n\t<meta property=\"og:image:type\" content=\"image\/jpeg\" \/>\n<meta name=\"author\" content=\"Jordi Bertran\" \/>\n<meta name=\"twitter:card\" content=\"summary_large_image\" \/>\n<meta name=\"twitter:label1\" content=\"Written by\" \/>\n\t<meta name=\"twitter:data1\" content=\"Jordi Bertran\" \/>\n\t<meta name=\"twitter:label2\" content=\"Est. reading time\" \/>\n\t<meta name=\"twitter:data2\" content=\"5 minutes\" \/>\n<script type=\"application\/ld+json\" class=\"yoast-schema-graph\">{\"@context\":\"https:\/\/schema.org\",\"@graph\":[{\"@type\":\"Article\",\"@id\":\"https:\/\/118studio.es\/stand-ise-barcelona-activa-2025\/#article\",\"isPartOf\":{\"@id\":\"https:\/\/118studio.es\/stand-ise-barcelona-activa-2025\/\"},\"author\":{\"name\":\"Jordi Bertran\",\"@id\":\"https:\/\/118studio.es\/#\/schema\/person\/4283e56665d69c2894a99f7d877a3b57\"},\"headline\":\"STAND ISE BARCELONA ACTIVA 2025\",\"datePublished\":\"2025-02-15T11:49:30+00:00\",\"dateModified\":\"2025-05-28T07:03:43+00:00\",\"mainEntityOfPage\":{\"@id\":\"https:\/\/118studio.es\/stand-ise-barcelona-activa-2025\/\"},\"wordCount\":97,\"publisher\":{\"@id\":\"https:\/\/118studio.es\/#organization\"},\"image\":{\"@id\":\"https:\/\/118studio.es\/stand-ise-barcelona-activa-2025\/#primaryimage\"},\"thumbnailUrl\":\"https:\/\/118studio.es\/wp-content\/uploads\/2025\/02\/118S_ISE_34-scaled.jpg\",\"articleSection\":[\"Stands\"],\"inLanguage\":\"en-US\"},{\"@type\":\"WebPage\",\"@id\":\"https:\/\/118studio.es\/stand-ise-barcelona-activa-2025\/\",\"url\":\"https:\/\/118studio.es\/stand-ise-barcelona-activa-2025\/\",\"name\":\"STAND ISE BARCELONA ACTIVA 2025 - 118 Studio\",\"isPartOf\":{\"@id\":\"https:\/\/118studio.es\/#website\"},\"primaryImageOfPage\":{\"@id\":\"https:\/\/118studio.es\/stand-ise-barcelona-activa-2025\/#primaryimage\"},\"image\":{\"@id\":\"https:\/\/118studio.es\/stand-ise-barcelona-activa-2025\/#primaryimage\"},\"thumbnailUrl\":\"https:\/\/118studio.es\/wp-content\/uploads\/2025\/02\/118S_ISE_34-scaled.jpg\",\"datePublished\":\"2025-02-15T11:49:30+00:00\",\"dateModified\":\"2025-05-28T07:03:43+00:00\",\"breadcrumb\":{\"@id\":\"https:\/\/118studio.es\/stand-ise-barcelona-activa-2025\/#breadcrumb\"},\"inLanguage\":\"en-US\",\"potentialAction\":[{\"@type\":\"ReadAction\",\"target\":[\"https:\/\/118studio.es\/stand-ise-barcelona-activa-2025\/\"]}]},{\"@type\":\"ImageObject\",\"inLanguage\":\"en-US\",\"@id\":\"https:\/\/118studio.es\/stand-ise-barcelona-activa-2025\/#primaryimage\",\"url\":\"https:\/\/118studio.es\/wp-content\/uploads\/2025\/02\/118S_ISE_34-scaled.jpg\",\"contentUrl\":\"https:\/\/118studio.es\/wp-content\/uploads\/2025\/02\/118S_ISE_34-scaled.jpg\",\"width\":2560,\"height\":1707},{\"@type\":\"BreadcrumbList\",\"@id\":\"https:\/\/118studio.es\/stand-ise-barcelona-activa-2025\/#breadcrumb\",\"itemListElement\":[{\"@type\":\"ListItem\",\"position\":1,\"name\":\"Portada\",\"item\":\"https:\/\/118studio.es\/\"},{\"@type\":\"ListItem\",\"position\":2,\"name\":\"STAND ISE BARCELONA ACTIVA 2025\"}]},{\"@type\":\"WebSite\",\"@id\":\"https:\/\/118studio.es\/#website\",\"url\":\"https:\/\/118studio.es\/\",\"name\":\"118 Studio\",\"description\":\"\",\"publisher\":{\"@id\":\"https:\/\/118studio.es\/#organization\"},\"potentialAction\":[{\"@type\":\"SearchAction\",\"target\":{\"@type\":\"EntryPoint\",\"urlTemplate\":\"https:\/\/118studio.es\/?s={search_term_string}\"},\"query-input\":{\"@type\":\"PropertyValueSpecification\",\"valueRequired\":true,\"valueName\":\"search_term_string\"}}],\"inLanguage\":\"en-US\"},{\"@type\":\"Organization\",\"@id\":\"https:\/\/118studio.es\/#organization\",\"name\":\"118 Studio\",\"url\":\"https:\/\/118studio.es\/\",\"logo\":{\"@type\":\"ImageObject\",\"inLanguage\":\"en-US\",\"@id\":\"https:\/\/118studio.es\/#\/schema\/logo\/image\/\",\"url\":\"https:\/\/118studio.es\/wp-content\/uploads\/2024\/01\/LOGO-2.svg\",\"contentUrl\":\"https:\/\/118studio.es\/wp-content\/uploads\/2024\/01\/LOGO-2.svg\",\"caption\":\"118 Studio\"},\"image\":{\"@id\":\"https:\/\/118studio.es\/#\/schema\/logo\/image\/\"}},{\"@type\":\"Person\",\"@id\":\"https:\/\/118studio.es\/#\/schema\/person\/4283e56665d69c2894a99f7d877a3b57\",\"name\":\"Jordi Bertran\",\"image\":{\"@type\":\"ImageObject\",\"inLanguage\":\"en-US\",\"@id\":\"https:\/\/118studio.es\/#\/schema\/person\/image\/\",\"url\":\"https:\/\/secure.gravatar.com\/avatar\/0443e159eef2db00d02f30d1a20d4adcb3d302569bddffbf97501a8b6c0f3c9e?s=96&d=mm&r=g\",\"contentUrl\":\"https:\/\/secure.gravatar.com\/avatar\/0443e159eef2db00d02f30d1a20d4adcb3d302569bddffbf97501a8b6c0f3c9e?s=96&d=mm&r=g\",\"caption\":\"Jordi Bertran\"},\"url\":\"https:\/\/118studio.es\/en\/author\/jordi\/\"}]}<\/script>\n<!-- \/ Yoast SEO plugin. -->","yoast_head_json":{"title":"STAND ISE BARCELONA ACTIVA 2025 - 118 Studio","robots":{"index":"index","follow":"follow","max-snippet":"max-snippet:-1","max-image-preview":"max-image-preview:large","max-video-preview":"max-video-preview:-1"},"canonical":"https:\/\/118studio.es\/en\/stand-ise-barcelona-activa-2025\/","og_locale":"en_US","og_type":"article","og_title":"STAND ISE BARCELONA ACTIVA 2025 - 118 Studio","og_description":"BCN ACTIVA \u00a0 \u00a0 \u00a0 \u00a0 \u00a0 STAND ISE 2025 \u00a0 Febrero, 2025 \u201cBarcelona, where creativity flourishes\u201d La participaci\u00f3n de Barcelona en ISE 2025 no solo reafirma su compromiso con el campo tecnol\u00f3gico, sino que tambi\u00e9n consolida su papel como [&hellip;]","og_url":"https:\/\/118studio.es\/en\/stand-ise-barcelona-activa-2025\/","og_site_name":"118 Studio","article_published_time":"2025-02-15T11:49:30+00:00","article_modified_time":"2025-05-28T07:03:43+00:00","og_image":[{"width":1024,"height":683,"url":"https:\/\/118studio.es\/wp-content\/uploads\/2025\/02\/118S_ISE_34-1024x683.jpg","type":"image\/jpeg"}],"author":"Jordi Bertran","twitter_card":"summary_large_image","twitter_misc":{"Written by":"Jordi Bertran","Est. reading time":"5 minutes"},"schema":{"@context":"https:\/\/schema.org","@graph":[{"@type":"Article","@id":"https:\/\/118studio.es\/stand-ise-barcelona-activa-2025\/#article","isPartOf":{"@id":"https:\/\/118studio.es\/stand-ise-barcelona-activa-2025\/"},"author":{"name":"Jordi Bertran","@id":"https:\/\/118studio.es\/#\/schema\/person\/4283e56665d69c2894a99f7d877a3b57"},"headline":"STAND ISE BARCELONA ACTIVA 2025","datePublished":"2025-02-15T11:49:30+00:00","dateModified":"2025-05-28T07:03:43+00:00","mainEntityOfPage":{"@id":"https:\/\/118studio.es\/stand-ise-barcelona-activa-2025\/"},"wordCount":97,"publisher":{"@id":"https:\/\/118studio.es\/#organization"},"image":{"@id":"https:\/\/118studio.es\/stand-ise-barcelona-activa-2025\/#primaryimage"},"thumbnailUrl":"https:\/\/118studio.es\/wp-content\/uploads\/2025\/02\/118S_ISE_34-scaled.jpg","articleSection":["Stands"],"inLanguage":"en-US"},{"@type":"WebPage","@id":"https:\/\/118studio.es\/stand-ise-barcelona-activa-2025\/","url":"https:\/\/118studio.es\/stand-ise-barcelona-activa-2025\/","name":"STAND ISE BARCELONA ACTIVA 2025 - 118 Studio","isPartOf":{"@id":"https:\/\/118studio.es\/#website"},"primaryImageOfPage":{"@id":"https:\/\/118studio.es\/stand-ise-barcelona-activa-2025\/#primaryimage"},"image":{"@id":"https:\/\/118studio.es\/stand-ise-barcelona-activa-2025\/#primaryimage"},"thumbnailUrl":"https:\/\/118studio.es\/wp-content\/uploads\/2025\/02\/118S_ISE_34-scaled.jpg","datePublished":"2025-02-15T11:49:30+00:00","dateModified":"2025-05-28T07:03:43+00:00","breadcrumb":{"@id":"https:\/\/118studio.es\/stand-ise-barcelona-activa-2025\/#breadcrumb"},"inLanguage":"en-US","potentialAction":[{"@type":"ReadAction","target":["https:\/\/118studio.es\/stand-ise-barcelona-activa-2025\/"]}]},{"@type":"ImageObject","inLanguage":"en-US","@id":"https:\/\/118studio.es\/stand-ise-barcelona-activa-2025\/#primaryimage","url":"https:\/\/118studio.es\/wp-content\/uploads\/2025\/02\/118S_ISE_34-scaled.jpg","contentUrl":"https:\/\/118studio.es\/wp-content\/uploads\/2025\/02\/118S_ISE_34-scaled.jpg","width":2560,"height":1707},{"@type":"BreadcrumbList","@id":"https:\/\/118studio.es\/stand-ise-barcelona-activa-2025\/#breadcrumb","itemListElement":[{"@type":"ListItem","position":1,"name":"Portada","item":"https:\/\/118studio.es\/"},{"@type":"ListItem","position":2,"name":"STAND ISE BARCELONA ACTIVA 2025"}]},{"@type":"WebSite","@id":"https:\/\/118studio.es\/#website","url":"https:\/\/118studio.es\/","name":"118 Studio","description":"","publisher":{"@id":"https:\/\/118studio.es\/#organization"},"potentialAction":[{"@type":"SearchAction","target":{"@type":"EntryPoint","urlTemplate":"https:\/\/118studio.es\/?s={search_term_string}"},"query-input":{"@type":"PropertyValueSpecification","valueRequired":true,"valueName":"search_term_string"}}],"inLanguage":"en-US"},{"@type":"Organization","@id":"https:\/\/118studio.es\/#organization","name":"118 Studio","url":"https:\/\/118studio.es\/","logo":{"@type":"ImageObject","inLanguage":"en-US","@id":"https:\/\/118studio.es\/#\/schema\/logo\/image\/","url":"https:\/\/118studio.es\/wp-content\/uploads\/2024\/01\/LOGO-2.svg","contentUrl":"https:\/\/118studio.es\/wp-content\/uploads\/2024\/01\/LOGO-2.svg","caption":"118 Studio"},"image":{"@id":"https:\/\/118studio.es\/#\/schema\/logo\/image\/"}},{"@type":"Person","@id":"https:\/\/118studio.es\/#\/schema\/person\/4283e56665d69c2894a99f7d877a3b57","name":"Jordi Bertran","image":{"@type":"ImageObject","inLanguage":"en-US","@id":"https:\/\/118studio.es\/#\/schema\/person\/image\/","url":"https:\/\/secure.gravatar.com\/avatar\/0443e159eef2db00d02f30d1a20d4adcb3d302569bddffbf97501a8b6c0f3c9e?s=96&d=mm&r=g","contentUrl":"https:\/\/secure.gravatar.com\/avatar\/0443e159eef2db00d02f30d1a20d4adcb3d302569bddffbf97501a8b6c0f3c9e?s=96&d=mm&r=g","caption":"Jordi Bertran"},"url":"https:\/\/118studio.es\/en\/author\/jordi\/"}]}},"_links":{"self":[{"href":"https:\/\/118studio.es\/en\/wp-json\/wp\/v2\/posts\/11599","targetHints":{"allow":["GET"]}}],"collection":[{"href":"https:\/\/118studio.es\/en\/wp-json\/wp\/v2\/posts"}],"about":[{"href":"https:\/\/118studio.es\/en\/wp-json\/wp\/v2\/types\/post"}],"author":[{"embeddable":true,"href":"https:\/\/118studio.es\/en\/wp-json\/wp\/v2\/users\/3"}],"replies":[{"embeddable":true,"href":"https:\/\/118studio.es\/en\/wp-json\/wp\/v2\/comments?post=11599"}],"version-history":[{"count":7,"href":"https:\/\/118studio.es\/en\/wp-json\/wp\/v2\/posts\/11599\/revisions"}],"predecessor-version":[{"id":11624,"href":"https:\/\/118studio.es\/en\/wp-json\/wp\/v2\/posts\/11599\/revisions\/11624"}],"wp:featuredmedia":[{"embeddable":true,"href":"https:\/\/118studio.es\/en\/wp-json\/wp\/v2\/media\/11612"}],"wp:attachment":[{"href":"https:\/\/118studio.es\/en\/wp-json\/wp\/v2\/media?parent=11599"}],"wp:term":[{"taxonomy":"category","embeddable":true,"href":"https:\/\/118studio.es\/en\/wp-json\/wp\/v2\/categories?post=11599"},{"taxonomy":"post_tag","embeddable":true,"href":"https:\/\/118studio.es\/en\/wp-json\/wp\/v2\/tags?post=11599"}],"curies":[{"name":"wp","href":"https:\/\/api.w.org\/{rel}","templated":true}]}}